{"id":107,"date":"2016-05-26T07:27:59","date_gmt":"2016-05-26T05:27:59","guid":{"rendered":"http:\/\/mitarbeiter.fh-kaernten.at\/evamir\/?p=107"},"modified":"2016-05-25T07:28:12","modified_gmt":"2016-05-25T05:28:12","slug":"beitrag-in-heilberufescience","status":"publish","type":"post","link":"https:\/\/mitarbeiter.fh-kaernten.at\/evamir\/2016\/05\/26\/beitrag-in-heilberufescience\/","title":{"rendered":"Beitrag in HeilberufeSCIENCE"},"content":{"rendered":"<p>HeilberufeSCIENCE Volume 7, Issue 2, May 2016 nun online<\/p>\n<p>Dabei ist auch ein Beitrag aus unseren Studieng\u00e4ngen, in Kooperation mit der PH Schw\u00e4bisch Gm\u00fcnd<br \/>\n<a href=\"http:\/\/link.springer.com\/article\/10.1007\/s16024-016-0263-x\" target=\"_blank\" rel=\"nofollow\">http:\/\/link.springer.com\/article\/10.1007\/s16024-016-0263-x<\/a><\/p>\n<div class=\"text_exposed_show\">\n<p>Wie nehmen Auszubildende der Altenpflege die Arbeits- und Organisationsstrukturen in der Praxis wahr?<br \/>\nErfahrungen mit einem arbeitspsychologischen Screeningverfahren<\/p>\n<p>Eva Mir , Olivia Kada, Hella Brunkel, Elke Kohlmann, Carl-Walter Kohlmann<\/p>\n<\/div>\n","protected":false},"excerpt":{"rendered":"<p>HeilberufeSCIENCE Volume 7, Issue 2, May 2016 nun online Dabei ist auch ein Beitrag aus unseren Studieng\u00e4ngen, in Kooperation mit der PH Schw\u00e4bisch Gm\u00fcnd http:\/\/link.springer.com\/article\/10.1007\/s16024-016-0263-x Wie nehmen Auszubildende der Altenpflege die Arbeits- und Organisationsstrukturen in der Praxis wahr? Erfahrungen mit<\/p>\n","protected":false},"author":7,"featured_media":0,"comment_status":"open","ping_status":"open","sticky":false,"template":"","format":"standard","meta":{"footnotes":""},"categories":[1],"tags":[],"class_list":["post-107","post","type-post","status-publish","format-standard","hentry","category-allgemein"],"_links":{"self":[{"href":"https:\/\/mitarbeiter.fh-kaernten.at\/evamir\/wp-json\/wp\/v2\/posts\/107","targetHints":{"allow":["GET"]}}],"collection":[{"href":"https:\/\/mitarbeiter.fh-kaernten.at\/evamir\/wp-json\/wp\/v2\/posts"}],"about":[{"href":"https:\/\/mitarbeiter.fh-kaernten.at\/evamir\/wp-json\/wp\/v2\/types\/post"}],"author":[{"embeddable":true,"href":"https:\/\/mitarbeiter.fh-kaernten.at\/evamir\/wp-json\/wp\/v2\/users\/7"}],"replies":[{"embeddable":true,"href":"https:\/\/mitarbeiter.fh-kaernten.at\/evamir\/wp-json\/wp\/v2\/comments?post=107"}],"version-history":[{"count":1,"href":"https:\/\/mitarbeiter.fh-kaernten.at\/evamir\/wp-json\/wp\/v2\/posts\/107\/revisions"}],"predecessor-version":[{"id":108,"href":"https:\/\/mitarbeiter.fh-kaernten.at\/evamir\/wp-json\/wp\/v2\/posts\/107\/revisions\/108"}],"wp:attachment":[{"href":"https:\/\/mitarbeiter.fh-kaernten.at\/evamir\/wp-json\/wp\/v2\/media?parent=107"}],"wp:term":[{"taxonomy":"category","embeddable":true,"href":"https:\/\/mitarbeiter.fh-kaernten.at\/evamir\/wp-json\/wp\/v2\/categories?post=107"},{"taxonomy":"post_tag","embeddable":true,"href":"https:\/\/mitarbeiter.fh-kaernten.at\/evamir\/wp-json\/wp\/v2\/tags?post=107"}],"curies":[{"name":"wp","href":"https:\/\/api.w.org\/{rel}","templated":true}]}}