{"id":66,"date":"2016-05-03T15:00:04","date_gmt":"2016-05-03T13:00:04","guid":{"rendered":"http:\/\/mitarbeiter.fh-kaernten.at\/evamir\/?p=66"},"modified":"2016-05-03T08:05:59","modified_gmt":"2016-05-03T06:05:59","slug":"sustainability-award-2016","status":"publish","type":"post","link":"https:\/\/mitarbeiter.fh-kaernten.at\/evamir\/2016\/05\/03\/sustainability-award-2016\/","title":{"rendered":"Sustainability Award 2016"},"content":{"rendered":"<p><strong>Nachhaltige Lehre im Bereich Gesundheitsf\u00f6rderung an den Studieng\u00e4ngen Gesundheits- und Pflegemanagement der FH K\u00e4rnten <\/strong><\/p>\n<p>&nbsp;<\/p>\n<p><strong>Feldkirchen. Im Rahmen des Sustainability Award 2016 wurde die Lehrveranstaltung \u201eAnwendungsprojekt Gesundheitsf\u00f6rderung\u201c unter der Leitung von Fachhochschulprofessorin Eva Mir in Wien mit dem 3. Platz in der Kategorie \u201eLehre und Curricula\u201c ausgezeichnet. Der seit 2007 vom Bundesministerium f\u00fcr Land- und Forstwirschaft, Umwelt und Wasserwirtschaft und dem Wissenschaftsministerium vergebene Preis bescheinigt damit die nachhaltige Entwicklung von Lehre im Bereich der Gesundheitsf\u00f6rderung an den Studieng\u00e4ngen Gesundheits- und Pflegemanagement der Fachhochschule K\u00e4rnten. <\/strong><\/p>\n<p>&nbsp;<\/p>\n<p>An den Studieng\u00e4ngen Gesundheits- und Pflegemanagement wird gro\u00dfer Wert auf eine profunde und innovative Lehre im Bereich Gesundheitsf\u00f6rderung gelegt. So wird an den Bachelorstudieng\u00e4ngen Gesundheits- und Pflegemanagement ein eigenst\u00e4ndiges Modul \u201eGesundheitsf\u00f6rderung: Grundlagen und Anwendung\u201c \u00fcber drei Semester gelehrt. Die K\u00fcr stellt dabei das Anwendungsprojekt Gesundheitsf\u00f6rderung dar. \u201eIm Rahmen dieser Lehrveranstaltung haben die Studierenden die M\u00f6glichkeit das theoretisch erarbeitete Know How in die Praxis umzusetzen,\u201c erkl\u00e4rt Fachhochschulprofessorin und Modulverantwortliche Eva Mir. Bereits zwei Jahrg\u00e4nge haben das Modul Gesundheitsf\u00f6rderung erfolgreich absolviert. So erarbeiteten etwa die Vollzeitstudierenden im Wintersemester 2014\/2015 die Kampagne \u201eDemenz.Bewegt.Leben\u201c zur Bewegungsf\u00f6rderung f\u00fcr und mit Menschen mit Demenz. Nun wurde die Lehrveranstaltung am 3. Mai in Wien f\u00fcr seine Nachhaltigkeit ausgezeichnet. Im Rahmen des Sustainability Award 2016 konnte das Konzept die Jury in der Kategorie \u201eLehre und Curricula\u201c \u00fcberzeugen und wurde mit dem 3. Platz ausgezeichnet. \u201eDurch die im Rahmen der Lehrveranstaltung entwickelte Kampagne Demenz.Bewegt.Leben ist von uns ein nachhaltiger Beitrag zur Gesundheitsf\u00f6rderung in der Region und dar\u00fcber hinaus geleistet worden,\u201c erkl\u00e4rt Eva Mir. Die Kampagne umfasst diverse Informationsmaterialien in Form von Poster, einer Postkartenserie, Flyer sowie einem Video. Alle Materialien stehen Interessierten \u00fcber die FH-Homepage unter <a href=\"http:\/\/www.fh-kaernten.at\/unser-studienangebot\/gesundheit-soziales\/ueberblick\/gesundheit-soziales\/bachelor\/gesundheits-und-pflegemanagement\/mehr-gesundheits-und-pflegemanagement\/projekte-von-studierenden\/demenzbewegtleben\/\">http:\/\/www.fh-kaernten.at\/unser-studienangebot\/gesundheit-soziales\/ueberblick\/gesundheit-soziales\/bachelor\/gesundheits-und-pflegemanagement\/mehr-gesundheits-und-pflegemanagement\/projekte-von-studierenden\/demenzbewegtleben\/<\/a> zur Verf\u00fcgung. Das Video ist \u00fcber You Tube abrufbar <a href=\"https:\/\/www.youtube.com\/watch?v=J6VEvFIV750\">https:\/\/www.youtube.com\/watch?v=J6VEvFIV750<\/a>.<\/p>\n<p class=\"panel-title\"><a href=\"http:\/\/mitarbeiter.fh-kaernten.at\/evamir\/wp-content\/uploads\/sites\/8\/2016\/05\/FHK\u00e4rnten_3.-Platz-Lehre-und-Curricula.pdf\">FHK\u00e4rnten_3. Platz Lehre und Curricula<\/a><\/p>\n<p class=\"panel-title\"><img loading=\"lazy\" decoding=\"async\" class=\"alignnone size-medium wp-image-67\" src=\"http:\/\/mitarbeiter.fh-kaernten.at\/evamir\/wp-content\/uploads\/sites\/8\/2016\/05\/demenz-bewegt-leben-300x205.png\" alt=\"demenz-bewegt-leben\" width=\"300\" height=\"205\" srcset=\"https:\/\/mitarbeiter.fh-kaernten.at\/evamir\/wp-content\/uploads\/sites\/8\/2016\/05\/demenz-bewegt-leben-300x205.png 300w, https:\/\/mitarbeiter.fh-kaernten.at\/evamir\/wp-content\/uploads\/sites\/8\/2016\/05\/demenz-bewegt-leben.png 450w\" sizes=\"auto, (max-width: 300px) 100vw, 300px\" \/><\/p>\n<p class=\"panel-title\">Detailinfos zum Projekt finden Sie <a href=\"https:\/\/www.fh-kaernten.at\/de\/unser-studienangebot\/gesundheit-soziales\/ueberblick\/gesundheit-soziales\/bachelor\/gesundheits-und-pflegemanagement\/mehr-gesundheits-und-pflegemanagement\/projekte-von-studierenden\/demenzbewegtleben\/\" target=\"_blank\">hier<\/a>.<\/p>\n","protected":false},"excerpt":{"rendered":"<p>Nachhaltige Lehre im Bereich Gesundheitsf\u00f6rderung an den Studieng\u00e4ngen Gesundheits- und Pflegemanagement der FH K\u00e4rnten &nbsp; Feldkirchen. Im Rahmen des Sustainability Award 2016 wurde die Lehrveranstaltung \u201eAnwendungsprojekt Gesundheitsf\u00f6rderung\u201c unter der Leitung von Fachhochschulprofessorin Eva Mir in Wien mit dem 3. Platz<\/p>\n","protected":false},"author":3,"featured_media":67,"comment_status":"open","ping_status":"open","sticky":false,"template":"","format":"standard","meta":{"footnotes":""},"categories":[1],"tags":[],"class_list":["post-66","post","type-post","status-publish","format-standard","has-post-thumbnail","hentry","category-allgemein"],"_links":{"self":[{"href":"https:\/\/mitarbeiter.fh-kaernten.at\/evamir\/wp-json\/wp\/v2\/posts\/66","targetHints":{"allow":["GET"]}}],"collection":[{"href":"https:\/\/mitarbeiter.fh-kaernten.at\/evamir\/wp-json\/wp\/v2\/posts"}],"about":[{"href":"https:\/\/mitarbeiter.fh-kaernten.at\/evamir\/wp-json\/wp\/v2\/types\/post"}],"author":[{"embeddable":true,"href":"https:\/\/mitarbeiter.fh-kaernten.at\/evamir\/wp-json\/wp\/v2\/users\/3"}],"replies":[{"embeddable":true,"href":"https:\/\/mitarbeiter.fh-kaernten.at\/evamir\/wp-json\/wp\/v2\/comments?post=66"}],"version-history":[{"count":10,"href":"https:\/\/mitarbeiter.fh-kaernten.at\/evamir\/wp-json\/wp\/v2\/posts\/66\/revisions"}],"predecessor-version":[{"id":85,"href":"https:\/\/mitarbeiter.fh-kaernten.at\/evamir\/wp-json\/wp\/v2\/posts\/66\/revisions\/85"}],"wp:featuredmedia":[{"embeddable":true,"href":"https:\/\/mitarbeiter.fh-kaernten.at\/evamir\/wp-json\/wp\/v2\/media\/67"}],"wp:attachment":[{"href":"https:\/\/mitarbeiter.fh-kaernten.at\/evamir\/wp-json\/wp\/v2\/media?parent=66"}],"wp:term":[{"taxonomy":"category","embeddable":true,"href":"https:\/\/mitarbeiter.fh-kaernten.at\/evamir\/wp-json\/wp\/v2\/categories?post=66"},{"taxonomy":"post_tag","embeddable":true,"href":"https:\/\/mitarbeiter.fh-kaernten.at\/evamir\/wp-json\/wp\/v2\/tags?post=66"}],"curies":[{"name":"wp","href":"https:\/\/api.w.org\/{rel}","templated":true}]}}