{"id":77,"date":"2016-05-02T09:18:55","date_gmt":"2016-05-02T07:18:55","guid":{"rendered":"http:\/\/mitarbeiter.fh-kaernten.at\/evamir\/?p=77"},"modified":"2016-05-02T17:42:48","modified_gmt":"2016-05-02T15:42:48","slug":"seit-mai-wieder-an-der-fh","status":"publish","type":"post","link":"https:\/\/mitarbeiter.fh-kaernten.at\/evamir\/2016\/05\/02\/seit-mai-wieder-an-der-fh\/","title":{"rendered":"Seit Mai wieder an der FH!"},"content":{"rendered":"<p>Die intensive Zeit des Mutterschutzes ist zu Ende und ich freue mich, mit Mai wieder an der FH K\u00e4rnten, Studieng\u00e4nge Gesundheits- und Pflegemanagement t\u00e4tig zu sein. In den n\u00e4chsten Monaten werde ich mich vor allem um Marketing f\u00fcr die Studieng\u00e4nge und Projekte k\u00fcmmern, in den H\u00f6rsaal kehre ich erst wieder mit Wintersemester 2016\/2017 zur\u00fcck. Gemeinsam mit Doris Gebhard und Claudia Brunner arbeiten wir aber schon jetzt flei\u00dfig an neuen Konzepten f\u00fcr das Anwendungsprojekt Gesundheitsf\u00f6rderung. Hier sind wir immer auf der Suche nach neuen, innovativen Ideen f\u00fcr die Lehre. Insgesamt arbeiten wir stetig am Modul zur Gesundheitsf\u00f6rderung, damit die gesamte Komposition in diesem Themenbereich &#8222;stimmig&#8220; ist. <img loading=\"lazy\" decoding=\"async\" class=\"alignnone wp-image-78 size-medium\" src=\"http:\/\/mitarbeiter.fh-kaernten.at\/evamir\/wp-content\/uploads\/sites\/8\/2016\/05\/Stimmig-277x300.jpg\" width=\"277\" height=\"300\" srcset=\"https:\/\/mitarbeiter.fh-kaernten.at\/evamir\/wp-content\/uploads\/sites\/8\/2016\/05\/Stimmig-277x300.jpg 277w, https:\/\/mitarbeiter.fh-kaernten.at\/evamir\/wp-content\/uploads\/sites\/8\/2016\/05\/Stimmig-768x830.jpg 768w, https:\/\/mitarbeiter.fh-kaernten.at\/evamir\/wp-content\/uploads\/sites\/8\/2016\/05\/Stimmig-947x1024.jpg 947w, https:\/\/mitarbeiter.fh-kaernten.at\/evamir\/wp-content\/uploads\/sites\/8\/2016\/05\/Stimmig.jpg 1194w\" sizes=\"auto, (max-width: 277px) 100vw, 277px\" \/><\/p>\n","protected":false},"excerpt":{"rendered":"<p>Die intensive Zeit des Mutterschutzes ist zu Ende und ich freue mich, mit Mai wieder an der FH K\u00e4rnten, Studieng\u00e4nge Gesundheits- und Pflegemanagement t\u00e4tig zu sein. In den n\u00e4chsten Monaten werde ich mich vor allem um Marketing f\u00fcr die Studieng\u00e4nge<\/p>\n","protected":false},"author":7,"featured_media":78,"comment_status":"open","ping_status":"open","sticky":false,"template":"","format":"standard","meta":{"footnotes":""},"categories":[1],"tags":[],"class_list":["post-77","post","type-post","status-publish","format-standard","has-post-thumbnail","hentry","category-allgemein"],"_links":{"self":[{"href":"https:\/\/mitarbeiter.fh-kaernten.at\/evamir\/wp-json\/wp\/v2\/posts\/77","targetHints":{"allow":["GET"]}}],"collection":[{"href":"https:\/\/mitarbeiter.fh-kaernten.at\/evamir\/wp-json\/wp\/v2\/posts"}],"about":[{"href":"https:\/\/mitarbeiter.fh-kaernten.at\/evamir\/wp-json\/wp\/v2\/types\/post"}],"author":[{"embeddable":true,"href":"https:\/\/mitarbeiter.fh-kaernten.at\/evamir\/wp-json\/wp\/v2\/users\/7"}],"replies":[{"embeddable":true,"href":"https:\/\/mitarbeiter.fh-kaernten.at\/evamir\/wp-json\/wp\/v2\/comments?post=77"}],"version-history":[{"count":2,"href":"https:\/\/mitarbeiter.fh-kaernten.at\/evamir\/wp-json\/wp\/v2\/posts\/77\/revisions"}],"predecessor-version":[{"id":84,"href":"https:\/\/mitarbeiter.fh-kaernten.at\/evamir\/wp-json\/wp\/v2\/posts\/77\/revisions\/84"}],"wp:featuredmedia":[{"embeddable":true,"href":"https:\/\/mitarbeiter.fh-kaernten.at\/evamir\/wp-json\/wp\/v2\/media\/78"}],"wp:attachment":[{"href":"https:\/\/mitarbeiter.fh-kaernten.at\/evamir\/wp-json\/wp\/v2\/media?parent=77"}],"wp:term":[{"taxonomy":"category","embeddable":true,"href":"https:\/\/mitarbeiter.fh-kaernten.at\/evamir\/wp-json\/wp\/v2\/categories?post=77"},{"taxonomy":"post_tag","embeddable":true,"href":"https:\/\/mitarbeiter.fh-kaernten.at\/evamir\/wp-json\/wp\/v2\/tags?post=77"}],"curies":[{"name":"wp","href":"https:\/\/api.w.org\/{rel}","templated":true}]}}